{"id":650,"date":"2026-04-25T12:05:30","date_gmt":"2026-04-25T10:05:30","guid":{"rendered":"https:\/\/llefia.org\/santjordi\/?p=650"},"modified":"2026-04-25T12:35:57","modified_gmt":"2026-04-25T10:35:57","slug":"premiats-i-mencions-vi-concurs-relats-curts-2026","status":"publish","type":"post","link":"https:\/\/llefia.org\/santjordi\/2026\/04\/25\/premiats-i-mencions-vi-concurs-relats-curts-2026\/","title":{"rendered":"Guardonats del VI Concurs relats curts 2026"},"content":{"rendered":"\n<p>El passat 24 d&#8217;abril vam gaudir d&#8217;una tarda de relats i cultura a <a href=\"https:\/\/twitter.com\/hashtag\/Llefi%C3%A0?src=hashtag_click\">#Llefi\u00e0<\/a> <a href=\"https:\/\/twitter.com\/hashtag\/Badalona?src=hashtag_click\">#Badalona<\/a> enhorabona als premiats i als participants del VI Concurs de microrelats. Gr\u00e0cies per compartir la vostra creativitat, emoci\u00f3, reivindicaci\u00f3 de cultura al barri i per fer-nos viatjar al vostre univers literari.<\/p>\n\n\n\n<figure class=\"wp-block-image size-full\"><img loading=\"lazy\" width=\"900\" height=\"405\" src=\"https:\/\/llefia.org\/santjordi\/wp-content\/uploads\/sites\/29\/2026\/04\/HGvcno-aoAAdAyr-1.jpg\" alt=\"\" class=\"wp-image-655\" srcset=\"https:\/\/llefia.org\/santjordi\/wp-content\/uploads\/sites\/29\/2026\/04\/HGvcno-aoAAdAyr-1.jpg 900w, https:\/\/llefia.org\/santjordi\/wp-content\/uploads\/sites\/29\/2026\/04\/HGvcno-aoAAdAyr-1-300x135.jpg 300w, https:\/\/llefia.org\/santjordi\/wp-content\/uploads\/sites\/29\/2026\/04\/HGvcno-aoAAdAyr-1-768x346.jpg 768w\" sizes=\"(max-width: 900px) 100vw, 900px\" \/><\/figure>\n\n\n\n<p>Els premiats en aquesta edici\u00f3 s\u00f3n:<\/p>\n\n\n\n<p><strong>Categoria adults<\/strong><\/p>\n\n\n\n<p><a href=\"https:\/\/llefia.org\/santjordi\/el-selfi\/\"><strong>El selfi.<\/strong><\/a>&nbsp; (Marta Tadeo)<\/p>\n\n\n\n<p><strong>Categoria juvenil<\/strong><\/p>\n\n\n\n<p><strong><a rel=\"noreferrer noopener\" href=\"https:\/\/llefia.org\/santjordi\/cari\/\" data-type=\"page\" data-id=\"444\" target=\"_blank\"><strong><\/strong><\/a><strong><a href=\"https:\/\/llefia.org\/santjordi\/el-peluche-azul\/\">El peluche azul<\/a>&nbsp;<\/strong><\/strong> (Irfa tariq)<\/p>\n\n\n\n<p><strong>Categoria infantil<\/strong><\/p>\n\n\n\n<p><a href=\"https:\/\/llefia.org\/santjordi\/el-sueno-de-cecilia\/\"><strong>El sue\u00f1o de Cecilia<\/strong><\/a> (Leire Mesa Zache)<\/p>\n\n\n\n<figure class=\"wp-block-gallery has-nested-images columns-default is-cropped\">\n<figure class=\"wp-block-image size-large\"><img loading=\"lazy\" width=\"439\" height=\"680\" data-id=\"659\"  src=\"https:\/\/llefia.org\/santjordi\/wp-content\/uploads\/sites\/29\/2026\/04\/HGvcoEea0AAtapN-1.jpg\" alt=\"\" class=\"wp-image-659\" srcset=\"https:\/\/llefia.org\/santjordi\/wp-content\/uploads\/sites\/29\/2026\/04\/HGvcoEea0AAtapN-1.jpg 439w, https:\/\/llefia.org\/santjordi\/wp-content\/uploads\/sites\/29\/2026\/04\/HGvcoEea0AAtapN-1-194x300.jpg 194w\" sizes=\"(max-width: 439px) 100vw, 439px\" \/><figcaption>Categoria Infantil Leire Mesa Zache<\/figcaption><\/figure>\n\n\n\n<figure class=\"wp-block-image size-large\"><img loading=\"lazy\" width=\"510\" height=\"680\" data-id=\"661\"  src=\"https:\/\/llefia.org\/santjordi\/wp-content\/uploads\/sites\/29\/2026\/04\/HGvcoJTbIAA03_Z-1.jpg\" alt=\"\" class=\"wp-image-661\" srcset=\"https:\/\/llefia.org\/santjordi\/wp-content\/uploads\/sites\/29\/2026\/04\/HGvcoJTbIAA03_Z-1.jpg 510w, https:\/\/llefia.org\/santjordi\/wp-content\/uploads\/sites\/29\/2026\/04\/HGvcoJTbIAA03_Z-1-225x300.jpg 225w\" sizes=\"(max-width: 510px) 100vw, 510px\" \/><figcaption>Categoria juvenil Irfa tariq<\/figcaption><\/figure>\n\n\n\n<figure class=\"wp-block-image size-large\"><img loading=\"lazy\" width=\"680\" height=\"680\" data-id=\"660\"  src=\"https:\/\/llefia.org\/santjordi\/wp-content\/uploads\/sites\/29\/2026\/04\/HGvcoIxXcAA2SZi-2.jpg\" alt=\"\" class=\"wp-image-660\" srcset=\"https:\/\/llefia.org\/santjordi\/wp-content\/uploads\/sites\/29\/2026\/04\/HGvcoIxXcAA2SZi-2.jpg 680w, https:\/\/llefia.org\/santjordi\/wp-content\/uploads\/sites\/29\/2026\/04\/HGvcoIxXcAA2SZi-2-300x300.jpg 300w, https:\/\/llefia.org\/santjordi\/wp-content\/uploads\/sites\/29\/2026\/04\/HGvcoIxXcAA2SZi-2-150x150.jpg 150w\" sizes=\"(max-width: 680px) 100vw, 680px\" \/><figcaption>Categoria adults Marta Tadeo<\/figcaption><\/figure>\n<\/figure>\n\n\n\n<p>Podeu gaudir de tots els relats curts presentats en aquesta edici\u00f3:<\/p>\n\n\n\n<ul><li><strong><a rel=\"noreferrer noopener\" href=\"https:\/\/llefia.org\/santjordi\/categoria-adults-2026\/\" target=\"_blank\">Categoria adults<\/a><\/strong><\/li><li><strong><a rel=\"noreferrer noopener\" href=\"https:\/\/llefia.org\/santjordi\/categoria-juvenil-2026\/\" target=\"_blank\">Categoria juvenil<\/a><\/strong><\/li><li><a rel=\"noreferrer noopener\" href=\"https:\/\/llefia.org\/santjordi\/categoria-infantil-2026\/\" target=\"_blank\"><strong>Categoria infantil<\/strong><\/a><\/li><\/ul>\n","protected":false},"excerpt":{"rendered":"<p>El passat 24 d&#8217;abril vam gaudir d&#8217;una tarda de relats i cultura a #Llefi\u00e0 #Badalona enhorabona als premiats i als participants del VI Concurs de microrelats. Gr\u00e0cies per compartir la vostra creativitat, emoci\u00f3, reivindicaci\u00f3 de cultura al barri i per fer-nos viatjar al vostre univers literari. Els premiats en aquesta edici\u00f3 s\u00f3n: Categoria adults El selfi.&nbsp; (Marta Tadeo) Categoria juvenil El peluche azul&nbsp; (Irfa tariq) Categoria infantil El sue\u00f1o de<\/p>\n<a href=\"https:\/\/llefia.org\/santjordi\/2026\/04\/25\/premiats-i-mencions-vi-concurs-relats-curts-2026\/\"> <div class=\"readmorelink\"><div class=\"rmtext\">[ Read More ]<\/div><\/div><\/a>","protected":false},"author":15,"featured_media":0,"comment_status":"closed","ping_status":"open","sticky":false,"template":"","format":"standard","meta":[],"categories":[1],"tags":[],"_links":{"self":[{"href":"https:\/\/llefia.org\/santjordi\/wp-json\/wp\/v2\/posts\/650"}],"collection":[{"href":"https:\/\/llefia.org\/santjordi\/wp-json\/wp\/v2\/posts"}],"about":[{"href":"https:\/\/llefia.org\/santjordi\/wp-json\/wp\/v2\/types\/post"}],"author":[{"embeddable":true,"href":"https:\/\/llefia.org\/santjordi\/wp-json\/wp\/v2\/users\/15"}],"replies":[{"embeddable":true,"href":"https:\/\/llefia.org\/santjordi\/wp-json\/wp\/v2\/comments?post=650"}],"version-history":[{"count":4,"href":"https:\/\/llefia.org\/santjordi\/wp-json\/wp\/v2\/posts\/650\/revisions"}],"predecessor-version":[{"id":665,"href":"https:\/\/llefia.org\/santjordi\/wp-json\/wp\/v2\/posts\/650\/revisions\/665"}],"wp:attachment":[{"href":"https:\/\/llefia.org\/santjordi\/wp-json\/wp\/v2\/media?parent=650"}],"wp:term":[{"taxonomy":"category","embeddable":true,"href":"https:\/\/llefia.org\/santjordi\/wp-json\/wp\/v2\/categories?post=650"},{"taxonomy":"post_tag","embeddable":true,"href":"https:\/\/llefia.org\/santjordi\/wp-json\/wp\/v2\/tags?post=650"}],"curies":[{"name":"wp","href":"https:\/\/api.w.org\/{rel}","templated":true}]}}