{"id":175,"date":"2016-10-02T13:09:16","date_gmt":"2016-10-02T13:09:16","guid":{"rendered":"http:\/\/llefia.org\/blog\/avvsantantoni\/?p=175"},"modified":"2017-01-02T12:57:56","modified_gmt":"2017-01-02T12:57:56","slug":"avv-sant-antoni-de-llefia-reclamem-la-millora-del-manteniment-del-parc-de-la-solidaritat","status":"publish","type":"post","link":"https:\/\/llefia.org\/wpavvsantantoni\/avv-sant-antoni-de-llefia-reclamem-la-millora-del-manteniment-del-parc-de-la-solidaritat\/","title":{"rendered":"AVV Sant Antoni de Llefi\u00e0, reclamem la millora del manteniment del Parc de la Solidaritat."},"content":{"rendered":"<p>L\u2019<strong>AVV Sant Antoni de Llefi\u00e0<\/strong>, reclamem la <strong>millora del<\/strong> <strong>manteniment del Parc de la Solidaritat<\/strong>.<\/p>\n<p><a href=\"http:\/\/llefia.org\/wpavvsantantoni\/wp-content\/uploads\/sites\/4\/2016\/10\/tanca_parc_solidaritat.jpg\" data-rel=\"lightbox-image-0\" data-rl_title=\"\" data-rl_caption=\"\" title=\"\"><img loading=\"lazy\" class=\"alignnone size-thumbnail wp-image-177 alignright\" src=\"http:\/\/llefia.org\/wpavvsantantoni\/wp-content\/uploads\/sites\/4\/2016\/10\/tanca_parc_solidaritat-150x150.jpg\" alt=\"tanca_parc_solidaritat\" width=\"150\" height=\"150\" srcset=\"https:\/\/llefia.org\/wpavvsantantoni\/wp-content\/uploads\/sites\/4\/2016\/10\/tanca_parc_solidaritat-150x150.jpg 150w, https:\/\/llefia.org\/wpavvsantantoni\/wp-content\/uploads\/sites\/4\/2016\/10\/tanca_parc_solidaritat-100x100.jpg 100w\" sizes=\"(max-width: 150px) 100vw, 150px\" \/><\/a>En el transcurs dels anys, s\u2019han realitzat diferents remodelacions del Parc de la Solidaritat, per part dels governs municipals, amb un manteniment deficient de manera general, a l\u2019igual que en la majoria de parcs i places del barri i de la ciutat.<\/p>\n<p>En aquesta darrera remodelaci\u00f3 del parc, els ve\u00efns i ve\u00efnes, molts dels quals van participar en l\u2019autoconstrucci\u00f3 original del parc als anys 70, tenien coses a dir i a aportar, i no se\u2019ls va voler escoltar per part de l\u2019<strong>anterior govern<\/strong> municipal del PP, liderat per Xavier Garc\u00eda Albiol. Tenint com a resultat <strong>un parc amb mancances com l\u2019inexist\u00e8ncia d\u2019un reclamat sorral per a infants, un exc\u00e9s d\u2019\u00fas de ciment i bancs inadequats per a la gent gran<\/strong>.<\/p>\n<p><a href=\"http:\/\/llefia.org\/wpavvsantantoni\/wp-content\/uploads\/sites\/4\/2016\/10\/IMG_20161002_113333.jpg\" data-rel=\"lightbox-image-1\" data-rl_title=\"\" data-rl_caption=\"\" title=\"\"><img loading=\"lazy\" class=\"size-thumbnail wp-image-178 alignleft\" src=\"http:\/\/llefia.org\/wpavvsantantoni\/wp-content\/uploads\/sites\/4\/2016\/10\/IMG_20161002_113333-150x150.jpg\" alt=\"img_20161002_113333\" width=\"150\" height=\"150\" srcset=\"https:\/\/llefia.org\/wpavvsantantoni\/wp-content\/uploads\/sites\/4\/2016\/10\/IMG_20161002_113333-150x150.jpg 150w, https:\/\/llefia.org\/wpavvsantantoni\/wp-content\/uploads\/sites\/4\/2016\/10\/IMG_20161002_113333-100x100.jpg 100w\" sizes=\"(max-width: 150px) 100vw, 150px\" \/><\/a>L\u2019<strong>actual govern<\/strong> sembla seguir la t\u00f2nica heretada de <strong>manteniment deficient del parc<\/strong>, fet que afavoreix el seu deteriorament, doncs des de <strong>fa m\u00e9s de 4 mesos les tanques de la zona esportiva estan trencades<\/strong>, amb el perill que suposa de caigudes potencials, el <strong>manteniment de l\u2019espai verd ha estat deficient<\/strong> i s\u2019ha detectat l\u2019<strong>aparici\u00f3 de rosegadors<\/strong>.<\/p>\n<p><strong>Reclamem al govern solucions \u00e0gils i urgents!<\/strong><\/p>\n<p>Si l\u2019espai p\u00fablic \u00e9s de tots i totes, si els ve\u00efns i ve\u00efnes ens estimem el barri tamb\u00e9 <strong>hem de ser curosos i cuidar el nostre entorn per fer-lo m\u00e9s habitable<\/strong>, doncs a m\u00e9s hi contribu\u00efm amb els nostres impostos i <strong>fets vand\u00e0lics<\/strong> com arrencar les m\u00e0negues de reg dels jardins del parc i <strong>actituds inc\u00edviques<\/strong> no ajuden a millorar el parc ni el barri. \u00a0Entre tots i totes fem\u00a0<strong>#LlefiaCasaNostra<\/strong><\/p>\n","protected":false},"excerpt":{"rendered":"<p>L\u2019AVV Sant Antoni de Llefi\u00e0, reclamem la millora del manteniment del Parc de la Solidaritat. En el transcurs dels anys, s\u2019han realitzat diferents remodelacions del Parc de la Solidaritat, per part dels governs municipals, amb un manteniment deficient de manera general, a l\u2019igual que en la majoria de parcs i places del barri i de [&hellip;]<\/p>\n","protected":false},"author":9,"featured_media":178,"comment_status":"closed","ping_status":"open","sticky":false,"template":"","format":"standard","meta":[],"categories":[1,3],"tags":[6],"_links":{"self":[{"href":"https:\/\/llefia.org\/wpavvsantantoni\/wp-json\/wp\/v2\/posts\/175"}],"collection":[{"href":"https:\/\/llefia.org\/wpavvsantantoni\/wp-json\/wp\/v2\/posts"}],"about":[{"href":"https:\/\/llefia.org\/wpavvsantantoni\/wp-json\/wp\/v2\/types\/post"}],"author":[{"embeddable":true,"href":"https:\/\/llefia.org\/wpavvsantantoni\/wp-json\/wp\/v2\/users\/9"}],"replies":[{"embeddable":true,"href":"https:\/\/llefia.org\/wpavvsantantoni\/wp-json\/wp\/v2\/comments?post=175"}],"version-history":[{"count":1,"href":"https:\/\/llefia.org\/wpavvsantantoni\/wp-json\/wp\/v2\/posts\/175\/revisions"}],"predecessor-version":[{"id":209,"href":"https:\/\/llefia.org\/wpavvsantantoni\/wp-json\/wp\/v2\/posts\/175\/revisions\/209"}],"wp:featuredmedia":[{"embeddable":true,"href":"https:\/\/llefia.org\/wpavvsantantoni\/wp-json\/wp\/v2\/media\/178"}],"wp:attachment":[{"href":"https:\/\/llefia.org\/wpavvsantantoni\/wp-json\/wp\/v2\/media?parent=175"}],"wp:term":[{"taxonomy":"category","embeddable":true,"href":"https:\/\/llefia.org\/wpavvsantantoni\/wp-json\/wp\/v2\/categories?post=175"},{"taxonomy":"post_tag","embeddable":true,"href":"https:\/\/llefia.org\/wpavvsantantoni\/wp-json\/wp\/v2\/tags?post=175"}],"curies":[{"name":"wp","href":"https:\/\/api.w.org\/{rel}","templated":true}]}}